{"id":1161,"date":"2012-05-19T14:39:02","date_gmt":"2012-05-19T14:39:02","guid":{"rendered":"http:\/\/waldesleuchten.de\/?p=1161"},"modified":"2018-05-23T18:08:00","modified_gmt":"2018-05-23T18:08:00","slug":"der-letzte-bar","status":"publish","type":"post","link":"https:\/\/waldesleuchten.de\/?p=1161","title":{"rendered":"Der letzte B\u00e4r"},"content":{"rendered":"<p><a href=\"https:\/\/waldesleuchten.de\/wp-content\/uploads\/2012\/05\/Baerendenkmal.jpg\"><img decoding=\"async\" loading=\"lazy\" src=\"https:\/\/waldesleuchten.de\/wp-content\/uploads\/2012\/05\/Baerendenkmal.jpg\" alt=\"Baerendenkmal\" title=\"Baerendenkmal\" width=\"225\" height=\"300\" class=\"alignright size-full wp-image-1164\" \/><\/a><font face=\"Arial,Helvetica,Geneva,Swiss,SunSans-Regular\" size=\"2\"><br \/>\nWem es nichts ausmacht, mehrheitlich auf gr\u00f6\u00dferen Forstwegen zu gehen, der kann auf dieser Wanderung in den W\u00e4ldern zwischen Gernrode und Alexisbad ein paar markante Punkte besuchen.<br \/>\nVom Wanderparkplatz am Sternhaus, etwa in der Mitte zwischen Gernrode und M\u00e4gdesprung gelegen, f\u00fchrt unser Weg zun\u00e4chst zum Harzcamp \u201eBremer Teich\u201c mitten im Wald mit angeschlossenem Campingplatz. Sch\u00f6n in der friedlichen Waldruhe wirken weder die Campingbaracken noch die Staumauer, die den Teich hart begrenzt, und es ist mit Mitte April auch noch zu fr\u00fch im Jahr, als da\u00df junges Gr\u00fcn den Anblick abmildern oder \u00fcberdecken k\u00f6nnte. Nichtsdestotrotz, f\u00fcr unseren Hund ist der zu dieser Zeit unbenutzt daliegende Teich, der 1796 als Fischteich angelegt wurde und sp\u00e4ter die gro\u00dfen Ballenstedter M\u00fchlen versorgte (1), eine willkommene Abk\u00fchlung.<!--more--><\/p>\n<p>Von einigen Camperhunden be\u00e4ugt, lassen wir das Harzcamp hinter uns liegen und erreichen auf dem B\u00e4renweg bald das B\u00e4rendenkmal: an dieser Stelle starb im 17. Jahrhundert der letzte Harzb\u00e4r. Weiter dem B\u00e4renweg folgend, gelangen wir zum still daliegenden Bergrat-M\u00fcller-Teich, auf dem ein Stockentenpaar einsam seine Runden zieht.<a href=\"https:\/\/waldesleuchten.de\/wp-content\/uploads\/2012\/05\/Buschwindroeschen-am-Baerenweg.jpg\"><img decoding=\"async\" loading=\"lazy\" src=\"https:\/\/waldesleuchten.de\/wp-content\/uploads\/2012\/05\/Buschwindroeschen-am-Baerenweg.jpg\" alt=\"Buschwindroeschen am Baerenweg\" title=\"Buschwindroeschen am Baerenweg\" width=\"225\" height=\"300\" class=\"alignright size-full wp-image-1169\" \/><\/a><br \/>\nWer einkehren m\u00f6chte, kann von hier aus noch ein kleines St\u00fcckchen geradeaus gehen und erreicht dann das <a href=\"http:\/\/www.blockhausrestaurant.com\/\" target=\"_blank\">&#8222;Blockhaus-Restaurant&#8220;<\/a> inmitten einer neuerrichteten Blockhaus-Ferienanlage. Dort angeschlossen ist auch ein Elchgehege, das besonders Kinder interessieren k\u00f6nnte \u2013 es gibt hier die M\u00f6glichkeit, eine F\u00fchrung zu den zahmen Elchen mitzumachen.<\/p>\n<p>Am Ostufer des Bergrat-M\u00fcller-Teichs gehen wir entlang, dann biegen wir auf benadeltem Pfad in nord\u00f6stliche Richtung zur Viktorsh\u00f6he hin ab. Nach Querung einer Forststra\u00dfe erreichen wir bald das Naturdenkmal \u201eGro\u00dfe Teufelsm\u00fchle\u201c auf dem Ramberg, eine Ansammlung von Granitbl\u00f6cken aus Ramberggranit, die in Wollsack- bzw. Matratzenverwitterung in ihrer jetzigen Form entstanden sind.<br \/>\nDer Sage nach soll ein armer M\u00fcller in seiner Not seine Seele dem Teufel verschrieben haben, im Gegenzug sollte dieser ihm eine neue, leistungsf\u00e4hige M\u00fchle errichten, an der er sich 30 Jahre erfreuen d\u00fcrfe, bevor seine Seele dem Teufel verfalle. Bis zum ersten Hahnenschrei sollte die M\u00fchle fertig sein. Der M\u00fcller wurde von Angst gepackt, als er das schnelle Fortschreiten des Bauwerks bemerkte, und l\u00f6ste heimlich einen Stein aus der M\u00fchle, der ins Tal rollte. Noch ehe der Teufel den Stein wieder heraufholen konnte, kr\u00e4hte der Hahn \u2013 aus Wut jedoch zerschmetterte der Teufel das gerade errichtete Bauwerk und erschlug den M\u00fcller mit einem Felstr\u00fcmmer. (2) Sehr fern wirkt diese Sage hier oben in der Waldeinsamkeit, wo die Steinbl\u00f6cke friedlich in Moos und Stille dahinschlummern, ein romantisches Harzbild abgebend.<\/p>\n<p>Gespenstisch und \u00f6de dagegen wirken die allm\u00e4hlich verfallenden Geb\u00e4ude eines Ferienheims und einer Ausflugsgastst\u00e4tte, die bis zu Beginn der 90er Jahre Wanderer und Erholungsg\u00e4ste anzogen \u2013 heute werden die Bauten vom Wald zur\u00fcckerobert. Auch die in die Karte eingezeichneten Wege herab von der Viktorsh\u00f6he scheinen nicht mehr in derselben Form zu existieren. Wir entscheiden uns schlie\u00dflich, querwaldein, unserem Richtungsgef\u00fchl folgend, die n\u00e4chste Forststra\u00dfe aufzusuchen, auf der wir dann beinahe schnurgeradeaus z\u00fcgigen Schritts zum Sternhaus zur\u00fcckkehren.<\/p>\n<p>Den Abschlu\u00df der Wanderung bildet ein &#8222;Einkehrschwung&#8220; im <a href=\"http:\/\/www.gasthof-zum-baeren.de\/\" target=\"_blank\">&#8222;Gasthof zum B\u00e4ren&#8220;<\/a> in Gernrode, der seinen Namen aus der Erlegung des letzten Harzb\u00e4ren ableitet und an diese Geschichte erinnert.<font><\/p>\n<p><a href=\"https:\/\/waldesleuchten.de\/wp-content\/uploads\/2012\/05\/Teufelsmuehle-auf-dem-Ramberg.jpg\"><img decoding=\"async\" loading=\"lazy\" src=\"https:\/\/waldesleuchten.de\/wp-content\/uploads\/2012\/05\/Teufelsmuehle-auf-dem-Ramberg.jpg\" alt=\"Teufelsmuehle auf dem Ramberg\" title=\"Teufelsmuehle auf dem Ramberg\" width=\"640\" height=\"480\" class=\"aligncenter size-full wp-image-1172\" srcset=\"https:\/\/waldesleuchten.de\/wp-content\/uploads\/2012\/05\/Teufelsmuehle-auf-dem-Ramberg.jpg 640w, https:\/\/waldesleuchten.de\/wp-content\/uploads\/2012\/05\/Teufelsmuehle-auf-dem-Ramberg-300x225.jpg 300w\" sizes=\"(max-width: 640px) 100vw, 640px\" \/><\/a><\/p>\n<p><font face=\"Arial,Helvetica,Geneva,Swiss,SunSans-Regular\" size=\"1\"><\/p>\n<p>(1)laut Informationstafel am Bremer Teich<br \/>\n(2)vgl. \u201eDie Teufelsm\u00fchle auf dem Ramsberge\u201c, aus: Im Zauberbann des Harzgebirges, gesammelt von Marie Kutschmann, mit Holzschnitten von Theodor Kutschmann, neu herausgegeben von Eva Gussek, Verlag Dr. Bussert &#038; Stadeler, Jena\/ Quedlinburg 2002, ISBN 3-932906-26-8<\/font><br \/>\n<font face=\"Arial,Helvetica,Geneva,Swiss,SunSans-Regular\" size=\"2\"><\/p>\n","protected":false},"excerpt":{"rendered":"<p>Wem es nichts ausmacht, mehrheitlich auf gr\u00f6\u00dferen Forstwegen zu gehen, der kann auf dieser Wanderung in den W\u00e4ldern zwischen Gernrode und Alexisbad ein paar markante Punkte besuchen. Vom Wanderparkplatz am Sternhaus, etwa in der Mitte zwischen Gernrode und M\u00e4gdesprung gelegen, &hellip; <a href=\"https:\/\/waldesleuchten.de\/?p=1161\">Weiterlesen <span class=\"meta-nav\">&rarr;<\/span><\/a><\/p>\n","protected":false},"author":1,"featured_media":1175,"comment_status":"closed","ping_status":"closed","sticky":false,"template":"","format":"standard","meta":{"footnotes":""},"categories":[118,1],"tags":[253,254,255,252,250,248,249,251],"_links":{"self":[{"href":"https:\/\/waldesleuchten.de\/index.php?rest_route=\/wp\/v2\/posts\/1161"}],"collection":[{"href":"https:\/\/waldesleuchten.de\/index.php?rest_route=\/wp\/v2\/posts"}],"about":[{"href":"https:\/\/waldesleuchten.de\/index.php?rest_route=\/wp\/v2\/types\/post"}],"author":[{"embeddable":true,"href":"https:\/\/waldesleuchten.de\/index.php?rest_route=\/wp\/v2\/users\/1"}],"replies":[{"embeddable":true,"href":"https:\/\/waldesleuchten.de\/index.php?rest_route=%2Fwp%2Fv2%2Fcomments&post=1161"}],"version-history":[{"count":18,"href":"https:\/\/waldesleuchten.de\/index.php?rest_route=\/wp\/v2\/posts\/1161\/revisions"}],"predecessor-version":[{"id":4551,"href":"https:\/\/waldesleuchten.de\/index.php?rest_route=\/wp\/v2\/posts\/1161\/revisions\/4551"}],"wp:featuredmedia":[{"embeddable":true,"href":"https:\/\/waldesleuchten.de\/index.php?rest_route=\/wp\/v2\/media\/1175"}],"wp:attachment":[{"href":"https:\/\/waldesleuchten.de\/index.php?rest_route=%2Fwp%2Fv2%2Fmedia&parent=1161"}],"wp:term":[{"taxonomy":"category","embeddable":true,"href":"https:\/\/waldesleuchten.de\/index.php?rest_route=%2Fwp%2Fv2%2Fcategories&post=1161"},{"taxonomy":"post_tag","embeddable":true,"href":"https:\/\/waldesleuchten.de\/index.php?rest_route=%2Fwp%2Fv2%2Ftags&post=1161"}],"curies":[{"name":"wp","href":"https:\/\/api.w.org\/{rel}","templated":true}]}}