{"id":1199,"date":"2012-05-20T07:05:36","date_gmt":"2012-05-20T07:05:36","guid":{"rendered":"http:\/\/waldesleuchten.de\/?p=1199"},"modified":"2018-05-23T18:08:14","modified_gmt":"2018-05-23T18:08:14","slug":"erster-mai-%e2%80%93-ein-sommertag-an-der-elbe","status":"publish","type":"post","link":"https:\/\/waldesleuchten.de\/?p=1199","title":{"rendered":"Erster Mai \u2013 ein Sommertag an der Elbe"},"content":{"rendered":"<p><font face=\"Arial,Helvetica,Geneva,Swiss,SunSans-Regular\" size=\"2\"><br \/>\n<a href=\"https:\/\/waldesleuchten.de\/wp-content\/uploads\/2012\/05\/Sommertag-an-der-Elbe.jpg\"><img decoding=\"async\" loading=\"lazy\" src=\"https:\/\/waldesleuchten.de\/wp-content\/uploads\/2012\/05\/Sommertag-an-der-Elbe.jpg\" alt=\"Sommertag an der Elbe\" title=\"Sommertag an der Elbe\" width=\"225\" height=\"300\" class=\"alignright size-full wp-image-1203\" \/><\/a>Eigentlich h\u00e4tte auch f\u00fcr den ersten Mai wieder eine Harzwanderung auf dem Plan gestanden. Aber wie es eben manchmal so geht: der Vorabend wird mit einem Mal viel zu lang, erst lange nach Mitternacht geht\u2019s ins Bett, und am n\u00e4chsten Morgen kommt man nicht fr\u00fch genug aus den Federn \u2013 fatal, wenn sich ein erster Sommertag mit entsprechend sommerlichen Temperaturen ank\u00fcndigt. Um 11 Uhr braucht man dann nicht mehr aufzubrechen. Was also nun, in mitt\u00e4glicher Hitze?<!--more--><\/p>\n<p>An die Elbe fahren! Ein entspannendes Buch dabei, und den ersten Sommertag, im Schatten unter B\u00e4umen am Flu\u00df liegend und lesend genie\u00dfen!<\/p>\n<p>Hier heraus zu kommen, in die Elbauen bei Hohenwarthe, ist jedesmal, so auch an diesem Tag, wie eine R\u00fcckkehr ins Paradies, ein \u00fcbriggebliebenes St\u00fcck vom Garten Eden, das bis zum heutigen Tag weiterbesteht. Nur ein Grasweg f\u00fchrt hier hinaus, der Blick schweift \u00fcber ein weites, sich im Winde wiegendes Gr\u00e4sermeer, eine Goldammer singt ziehend ihr \u201eWie, wie hab ich Dich lieb\u201c \u2013 bitters\u00fc\u00df genau meine eigene Stimmung aufnehmend.<\/p>\n<p>Wie gut tut die erste Sommersonne auf der Haut, der Sandstrand der Elbbuchten unter den F\u00fc\u00dfen, die Gedanken abgleitend in die zauberhafte Sagenwelt des Harzes, im Nachdruck eines alten Buches der Jetztwelt zug\u00e4nglich. Ein Ferientag wie in der Kindheit. Am ersten Mai gibt es eine Berufsgruppe, die mir jedes Jahr aufs Neue kurze Zeit ein wenig leid tut: w\u00e4hrend alle anderen den freien Tag genie\u00dfen, m\u00fcssen unz\u00e4hlige Polizisten ihren Kopf zwischen verfeindete Demonstranten oder zur Eingrenzung aggressiver Demonstranten hinhalten \u2013 im Gegensatz zu den Demonstrierenden unfreiwillig.<\/p>\n<p>Eine Bachstelze tippelt am Ufer hin und her und f\u00e4ngt in kurzen Abst\u00e4nden in raschem Lauf oder schnellem Auffliegen ein Insekt nach dem anderen, M\u00f6wen folgen den vorbeiziehenden Schiffen, und eine Rabenkr\u00e4he sch\u00f6pft alle paar Minuten Wasser \u2013 oder Futter? \u2013 aus dem unter der Sonne dahinziehenden Strom.<\/p>\n<p>Erst, als die Abendd\u00e4mmerung einbricht, l\u00f6se ich mich von diesem wunderbaren St\u00fcck Erde, die Seele voller Sonne, Sagen und Wind. Es ist lange her, da\u00df ich eine \u00e4hnliche Ausgef\u00fclltheit von Gl\u00fcck wie an diesem Tag empfunden h\u00e4tte, an dem die Schatten des Lebens endlich einmal ganz in den Hintergrund getreten sind.<br \/>\nBeinahe h\u00e4tte ich vergessen gehabt, wie sch\u00f6n das Leben sein kann \u2013 die Elbauen haben mich wieder daran erinnert.<\/p>\n<p><a href=\"https:\/\/waldesleuchten.de\/wp-content\/uploads\/2012\/05\/Sonneuntergang-Elbauen.jpg\"><img decoding=\"async\" loading=\"lazy\" src=\"https:\/\/waldesleuchten.de\/wp-content\/uploads\/2012\/05\/Sonneuntergang-Elbauen.jpg\" alt=\"Sonnenuntergang Elbauen\" title=\"Sonnenuntergang Elbauen\" width=\"640\" height=\"480\" class=\"aligncenter size-full wp-image-1207\" srcset=\"https:\/\/waldesleuchten.de\/wp-content\/uploads\/2012\/05\/Sonneuntergang-Elbauen.jpg 640w, https:\/\/waldesleuchten.de\/wp-content\/uploads\/2012\/05\/Sonneuntergang-Elbauen-300x225.jpg 300w\" sizes=\"(max-width: 640px) 100vw, 640px\" \/><\/a><\/p>\n","protected":false},"excerpt":{"rendered":"<p>Eigentlich h\u00e4tte auch f\u00fcr den ersten Mai wieder eine Harzwanderung auf dem Plan gestanden. Aber wie es eben manchmal so geht: der Vorabend wird mit einem Mal viel zu lang, erst lange nach Mitternacht geht\u2019s ins Bett, und am n\u00e4chsten &hellip; <a href=\"https:\/\/waldesleuchten.de\/?p=1199\">Weiterlesen <span class=\"meta-nav\">&rarr;<\/span><\/a><\/p>\n","protected":false},"author":1,"featured_media":1200,"comment_status":"closed","ping_status":"closed","sticky":false,"template":"","format":"standard","meta":{"footnotes":""},"categories":[118,1],"tags":[259,116,261,117,262],"_links":{"self":[{"href":"https:\/\/waldesleuchten.de\/index.php?rest_route=\/wp\/v2\/posts\/1199"}],"collection":[{"href":"https:\/\/waldesleuchten.de\/index.php?rest_route=\/wp\/v2\/posts"}],"about":[{"href":"https:\/\/waldesleuchten.de\/index.php?rest_route=\/wp\/v2\/types\/post"}],"author":[{"embeddable":true,"href":"https:\/\/waldesleuchten.de\/index.php?rest_route=\/wp\/v2\/users\/1"}],"replies":[{"embeddable":true,"href":"https:\/\/waldesleuchten.de\/index.php?rest_route=%2Fwp%2Fv2%2Fcomments&post=1199"}],"version-history":[{"count":11,"href":"https:\/\/waldesleuchten.de\/index.php?rest_route=\/wp\/v2\/posts\/1199\/revisions"}],"predecessor-version":[{"id":1213,"href":"https:\/\/waldesleuchten.de\/index.php?rest_route=\/wp\/v2\/posts\/1199\/revisions\/1213"}],"wp:featuredmedia":[{"embeddable":true,"href":"https:\/\/waldesleuchten.de\/index.php?rest_route=\/wp\/v2\/media\/1200"}],"wp:attachment":[{"href":"https:\/\/waldesleuchten.de\/index.php?rest_route=%2Fwp%2Fv2%2Fmedia&parent=1199"}],"wp:term":[{"taxonomy":"category","embeddable":true,"href":"https:\/\/waldesleuchten.de\/index.php?rest_route=%2Fwp%2Fv2%2Fcategories&post=1199"},{"taxonomy":"post_tag","embeddable":true,"href":"https:\/\/waldesleuchten.de\/index.php?rest_route=%2Fwp%2Fv2%2Ftags&post=1199"}],"curies":[{"name":"wp","href":"https:\/\/api.w.org\/{rel}","templated":true}]}}