{"id":237,"date":"2011-07-14T15:08:50","date_gmt":"2011-07-14T15:08:50","guid":{"rendered":"http:\/\/waldesleuchten.de\/?p=237"},"modified":"2018-05-23T18:03:38","modified_gmt":"2018-05-23T18:03:38","slug":"kastanien-fallen","status":"publish","type":"post","link":"https:\/\/waldesleuchten.de\/?p=237","title":{"rendered":"Kastanien fallen"},"content":{"rendered":"<p><a href=\"https:\/\/waldesleuchten.de\/wp-content\/uploads\/2011\/07\/Kastanien1.jpg\"><img decoding=\"async\" loading=\"lazy\" src=\"https:\/\/waldesleuchten.de\/wp-content\/uploads\/2011\/07\/Kastanien1.jpg\" alt=\"Kastanien\" title=\"Kastanien\" width=\"225\" height=\"300\" class=\"alignright size-full wp-image-551\" \/><\/a><font face=\"Arial,Helvetica,Geneva,Swiss,SunSans-Regular\" size=\"2\"><br \/>\nKastanien fallen dumpf ins gelbe Gras,<br \/>\nund bunt reift altes Laub schon an den B\u00e4umen.<br \/>\nEin ziehend\u2018 Vogel flieht vor Winters ersten Tr\u00e4umen,<br \/>\ndurch Regenstille klingt von fern sein Ton wie Glas.<br \/>\n<!--more--><br \/>\nNoch immer bist Du nicht zur\u00fcckgekehrt,<br \/>\neinst hoffte ich, mit Dir den Fr\u00fchling zu verbringen.<br \/>\nNachts h\u00f6r ich Herbstes St\u00fcrme von Dir singen,<br \/>\nund Sehnsuchtssterne leuchten weiter unversehrt.<\/p>\n<p>Du sprichst im Sonnenstrahl, der fr\u00fchen Nebel bricht,<br \/>\nich seh\u2018 Dich gehen \u00fcber weite, leere Stoppelfelder,<br \/>\nund Deine Stimme dringt durch d\u00e4mmernd-d\u00fcstre W\u00e4lder.<br \/>\nWarm aus dem Herzen fallen Regentropfen ins Gesicht.<\/p>\n<p>Du bist im Kerzenschein, der brennt allabendlich.<br \/>\nIch sp\u00fcre Dich, wenn fr\u00fche N\u00e4chte Dunkel bringen,<br \/>\nund h\u00f6r Dein Rufen, wenn die Erntelieder klingen.<br \/>\nH\u00f6rst Du mich auch? Ich liebe Dich!<\/p>\n<p><em>Isabel Sahm, September 2010<\/em><\/font><\/p>\n","protected":false},"excerpt":{"rendered":"<p>Kastanien fallen dumpf ins gelbe Gras, und bunt reift altes Laub schon an den B\u00e4umen. Ein ziehend\u2018 Vogel flieht vor Winters ersten Tr\u00e4umen, durch Regenstille klingt von fern sein Ton wie Glas.<\/p>\n","protected":false},"author":1,"featured_media":553,"comment_status":"closed","ping_status":"closed","sticky":false,"template":"","format":"standard","meta":{"footnotes":""},"categories":[1],"tags":[9,110,55,111],"_links":{"self":[{"href":"https:\/\/waldesleuchten.de\/index.php?rest_route=\/wp\/v2\/posts\/237"}],"collection":[{"href":"https:\/\/waldesleuchten.de\/index.php?rest_route=\/wp\/v2\/posts"}],"about":[{"href":"https:\/\/waldesleuchten.de\/index.php?rest_route=\/wp\/v2\/types\/post"}],"author":[{"embeddable":true,"href":"https:\/\/waldesleuchten.de\/index.php?rest_route=\/wp\/v2\/users\/1"}],"replies":[{"embeddable":true,"href":"https:\/\/waldesleuchten.de\/index.php?rest_route=%2Fwp%2Fv2%2Fcomments&post=237"}],"version-history":[{"count":7,"href":"https:\/\/waldesleuchten.de\/index.php?rest_route=\/wp\/v2\/posts\/237\/revisions"}],"predecessor-version":[{"id":554,"href":"https:\/\/waldesleuchten.de\/index.php?rest_route=\/wp\/v2\/posts\/237\/revisions\/554"}],"wp:featuredmedia":[{"embeddable":true,"href":"https:\/\/waldesleuchten.de\/index.php?rest_route=\/wp\/v2\/media\/553"}],"wp:attachment":[{"href":"https:\/\/waldesleuchten.de\/index.php?rest_route=%2Fwp%2Fv2%2Fmedia&parent=237"}],"wp:term":[{"taxonomy":"category","embeddable":true,"href":"https:\/\/waldesleuchten.de\/index.php?rest_route=%2Fwp%2Fv2%2Fcategories&post=237"},{"taxonomy":"post_tag","embeddable":true,"href":"https:\/\/waldesleuchten.de\/index.php?rest_route=%2Fwp%2Fv2%2Ftags&post=237"}],"curies":[{"name":"wp","href":"https:\/\/api.w.org\/{rel}","templated":true}]}}