{"id":315,"date":"2011-07-27T17:23:52","date_gmt":"2011-07-27T17:23:52","guid":{"rendered":"http:\/\/waldesleuchten.de\/?p=315"},"modified":"2018-05-23T18:04:00","modified_gmt":"2018-05-23T18:04:00","slug":"ein-sommer-tag-traum","status":"publish","type":"post","link":"https:\/\/waldesleuchten.de\/?p=315","title":{"rendered":"ein sommer-tag-traum"},"content":{"rendered":"<p><a href=\"https:\/\/waldesleuchten.de\/wp-content\/uploads\/2011\/07\/Sommertagtraum_klein.jpg\"><img decoding=\"async\" loading=\"lazy\" src=\"https:\/\/waldesleuchten.de\/wp-content\/uploads\/2011\/07\/Sommertagtraum_klein.jpg\" alt=\"\" title=\"Sommertagtraum_klein\" width=\"225\" height=\"300\" class=\"alignright size-full wp-image-322\" \/><\/a><font face=\"Arial,Helvetica,Geneva,Swiss,SunSans-Regular\" size=\"2\"><em>autor: schrubbel<\/em><\/p>\n<p>wandern, schauen, leben sp\u00fcren<br \/>\nsingend in die weite zieh\u00b4n<br \/>\nla\u00df von heller sonn mich f\u00fchren<br \/>\nmu\u00df der grauen stadt entflieh\u00b4n<br \/>\n<!--more--><br \/>\ntrunken auf gesanges wogen<br \/>\nschreit ich durch die felder hin<br \/>\nsp\u00fcre sonne mich durchfluten<br \/>\nleben \u2013 leben \u2013 ja ich bin<\/p>\n","protected":false},"excerpt":{"rendered":"<p>autor: schrubbel wandern, schauen, leben sp\u00fcren singend in die weite zieh\u00b4n la\u00df von heller sonn mich f\u00fchren mu\u00df der grauen stadt entflieh\u00b4n<\/p>\n","protected":false},"author":1,"featured_media":319,"comment_status":"closed","ping_status":"closed","sticky":false,"template":"","format":"standard","meta":{"footnotes":""},"categories":[1],"tags":[72,119,120,121],"_links":{"self":[{"href":"https:\/\/waldesleuchten.de\/index.php?rest_route=\/wp\/v2\/posts\/315"}],"collection":[{"href":"https:\/\/waldesleuchten.de\/index.php?rest_route=\/wp\/v2\/posts"}],"about":[{"href":"https:\/\/waldesleuchten.de\/index.php?rest_route=\/wp\/v2\/types\/post"}],"author":[{"embeddable":true,"href":"https:\/\/waldesleuchten.de\/index.php?rest_route=\/wp\/v2\/users\/1"}],"replies":[{"embeddable":true,"href":"https:\/\/waldesleuchten.de\/index.php?rest_route=%2Fwp%2Fv2%2Fcomments&post=315"}],"version-history":[{"count":10,"href":"https:\/\/waldesleuchten.de\/index.php?rest_route=\/wp\/v2\/posts\/315\/revisions"}],"predecessor-version":[{"id":327,"href":"https:\/\/waldesleuchten.de\/index.php?rest_route=\/wp\/v2\/posts\/315\/revisions\/327"}],"wp:featuredmedia":[{"embeddable":true,"href":"https:\/\/waldesleuchten.de\/index.php?rest_route=\/wp\/v2\/media\/319"}],"wp:attachment":[{"href":"https:\/\/waldesleuchten.de\/index.php?rest_route=%2Fwp%2Fv2%2Fmedia&parent=315"}],"wp:term":[{"taxonomy":"category","embeddable":true,"href":"https:\/\/waldesleuchten.de\/index.php?rest_route=%2Fwp%2Fv2%2Fcategories&post=315"},{"taxonomy":"post_tag","embeddable":true,"href":"https:\/\/waldesleuchten.de\/index.php?rest_route=%2Fwp%2Fv2%2Ftags&post=315"}],"curies":[{"name":"wp","href":"https:\/\/api.w.org\/{rel}","templated":true}]}}