{"id":342,"date":"2011-08-06T12:01:02","date_gmt":"2011-08-06T12:01:02","guid":{"rendered":"http:\/\/waldesleuchten.de\/?p=342"},"modified":"2018-05-23T18:04:18","modified_gmt":"2018-05-23T18:04:18","slug":"der-wanderer","status":"publish","type":"post","link":"https:\/\/waldesleuchten.de\/?p=342","title":{"rendered":"der wanderer"},"content":{"rendered":"<p><a href=\"https:\/\/waldesleuchten.de\/wp-content\/uploads\/2011\/08\/DerWanderer_kl.jpg\"><img decoding=\"async\" loading=\"lazy\" src=\"https:\/\/waldesleuchten.de\/wp-content\/uploads\/2011\/08\/DerWanderer_kl.jpg\" alt=\"\" title=\"Der Wanderer\" width=\"225\" height=\"300\" class=\"alignright size-full wp-image-346\" \/><\/a><font face=\"Arial,Helvetica,Geneva,Swiss,SunSans-Regular\" size=\"2\"><em>autor: schrubbel<\/em><\/p>\n<p>merkw\u00fcrdiger taumel der gef\u00fchle<br \/>\nmal reichster \u00fcberschwang, dann wieder niedergang<br \/>\n<!--more--><br \/>\nwelle geht auf und ab<br \/>\nund tr\u00e4gt mich fort, hinaus aufs meer, zu fremdem land<\/p>\n<p>leben in reichster f\u00fclle lacht<br \/>\ndann wieder schw\u00e4rzeste nacht<\/p>\n<p>wann endlich, wann?<br \/>\nfind ich den hafen?<\/p>\n<p>mal sehnsucht nach heimat, mal gr\u00f6\u00dftes fernweh<\/p>\n<p>wandern allein<br \/>\nauf eigenen wegen<br \/>\nfernab der ausgetretenen stra\u00dfen<\/font><\/p>\n","protected":false},"excerpt":{"rendered":"<p>autor: schrubbel merkw\u00fcrdiger taumel der gef\u00fchle mal reichster \u00fcberschwang, dann wieder niedergang<\/p>\n","protected":false},"author":1,"featured_media":345,"comment_status":"closed","ping_status":"closed","sticky":false,"template":"","format":"standard","meta":{"footnotes":""},"categories":[1],"tags":[130,72,128,129],"_links":{"self":[{"href":"https:\/\/waldesleuchten.de\/index.php?rest_route=\/wp\/v2\/posts\/342"}],"collection":[{"href":"https:\/\/waldesleuchten.de\/index.php?rest_route=\/wp\/v2\/posts"}],"about":[{"href":"https:\/\/waldesleuchten.de\/index.php?rest_route=\/wp\/v2\/types\/post"}],"author":[{"embeddable":true,"href":"https:\/\/waldesleuchten.de\/index.php?rest_route=\/wp\/v2\/users\/1"}],"replies":[{"embeddable":true,"href":"https:\/\/waldesleuchten.de\/index.php?rest_route=%2Fwp%2Fv2%2Fcomments&post=342"}],"version-history":[{"count":6,"href":"https:\/\/waldesleuchten.de\/index.php?rest_route=\/wp\/v2\/posts\/342\/revisions"}],"predecessor-version":[{"id":350,"href":"https:\/\/waldesleuchten.de\/index.php?rest_route=\/wp\/v2\/posts\/342\/revisions\/350"}],"wp:featuredmedia":[{"embeddable":true,"href":"https:\/\/waldesleuchten.de\/index.php?rest_route=\/wp\/v2\/media\/345"}],"wp:attachment":[{"href":"https:\/\/waldesleuchten.de\/index.php?rest_route=%2Fwp%2Fv2%2Fmedia&parent=342"}],"wp:term":[{"taxonomy":"category","embeddable":true,"href":"https:\/\/waldesleuchten.de\/index.php?rest_route=%2Fwp%2Fv2%2Fcategories&post=342"},{"taxonomy":"post_tag","embeddable":true,"href":"https:\/\/waldesleuchten.de\/index.php?rest_route=%2Fwp%2Fv2%2Ftags&post=342"}],"curies":[{"name":"wp","href":"https:\/\/api.w.org\/{rel}","templated":true}]}}