{"id":351,"date":"2011-08-13T07:12:02","date_gmt":"2011-08-13T07:12:02","guid":{"rendered":"http:\/\/waldesleuchten.de\/?p=351"},"modified":"2018-05-23T18:04:26","modified_gmt":"2018-05-23T18:04:26","slug":"wege-im-ostharz","status":"publish","type":"post","link":"https:\/\/waldesleuchten.de\/?p=351","title":{"rendered":"Wege im Ostharz"},"content":{"rendered":"<p><div id=\"attachment_354\" style=\"width: 235px\" class=\"wp-caption alignright\"><a href=\"https:\/\/waldesleuchten.de\/wp-content\/uploads\/2011\/08\/Stiege_Hochfl\u00e4che.jpg\"><img aria-describedby=\"caption-attachment-354\" decoding=\"async\" loading=\"lazy\" src=\"https:\/\/waldesleuchten.de\/wp-content\/uploads\/2011\/08\/Stiege_Hochfl\u00e4che.jpg\" alt=\"Waldausblick bei Stiege\" title=\"Waldausblick bei Stiege\" width=\"225\" height=\"300\" class=\"size-full wp-image-354\" \/><\/a><p id=\"caption-attachment-354\" class=\"wp-caption-text\">Waldausblick bei Stiege<\/p><\/div><font face=\"Arial,Helvetica,Geneva,Swiss,SunSans-Regular\" size=\"2\"><br \/>\nW\u00e4hrend der Hochharz an Wochenenden bei sch\u00f6nem Wetter \u00fcberaus \u00fcberlaufen ist, ist die Hochfl\u00e4che im Ostharz gleichzeitig das genaue Gegenteil: man trifft dort kaum einen Menschen, ist mit sich und der Natur weitgehend allein.<\/p>\n<p>Eine besonders sch\u00f6ne und entspannende Tageswanderung (1) (f\u00fcr beruflich stark Eingespannte durchaus ein nicht unwichtiges Kriterium)  ist die ca. 20 km lange Rundwanderung zwischen Stiege, Allrode und G\u00fcntersberge. Der Weg f\u00fchrt weitgehend eben \u00fcber die Hochfl\u00e4che, bietet wechselnde Ausblicke und Landschaften zwischen Wald, Weiden und bebauten Feldern.<!--more--><\/p>\n<p>Wir gehen los in Stiege am Gondelteich und freuen uns zun\u00e4chst an dem Ausblick \u00fcber die spiegelnde Wasserfl\u00e4che. Dann f\u00fchrt uns der Weg vorbei an einer verwaisten Ausflugsgastst\u00e4tte in den Wald. Ein kleiner Pfad f\u00fchrt hindurch, der Hund vergi\u00dft sein fortgeschrittenes Alter und rennt, einen Stock im Maul, freudig voran.  Wir brauchen keine Karte und kein Buch, denn ich bin hier mit dem Hund schon vor Jahren einmal gegangen \u2013 der Hund kennt den Weg. Als wir an einem kleinen Abzweig, ins Gespr\u00e4ch vertieft, vorbeilaufen, steht er in der Kreuzung und wartet dort \u2013 er wei\u00df: hier m\u00fcssen wir lang!<br \/>\nDann geht der Weg in die Wiesen der Hochfl\u00e4che \u00fcber, wir blicken wir wie durch ein Tor aus B\u00e4umen auf die Grasfl\u00e4che. Wie sch\u00f6n und friedlich die Landschaft daliegt! An einem Hohlweg wachsen Wei\u00dfdorn und Holzapfel, dann sehen wir schon Allrode auf dem H\u00fcgel vor uns liegen: ein gro\u00dfer Plattenbaublock, nicht allzu \u00e4sthetisch, und der Kirchturm einer alten Kirche begr\u00fc\u00dfen uns. Au\u00dferdem zwei Lamas auf einer Weide, die uns und vor allem den Hund kritisch begutachten. Bitte nicht spucken!<\/p>\n<p>Der Weg f\u00fchrt kurz in den Ort und dann am Hang um Allrode herum in eine Weiden-\/Ackerbaulandschaft. Ein St\u00fcckchen Sumpffl\u00e4che, dann wieder Wald, Glockenblumen und Rainfarn s\u00e4umen den Weg. Auf der n\u00e4chsten Wiesenfl\u00e4che, kurz vor G\u00fcntersberge, treffen wir eine \u00e4ltere Frau mit ihren Enkeln. Fr\u00fcher, sagt sie, war hier in den Ferien und am Wochenende viel los. Fr\u00fcher, das hei\u00dft: vor der Wende. Jedes Wochenende war Tanz in G\u00fcntersberge, sagt sie, und unz\u00e4hlige Familien verbrachten hier ihre Ferien. Seit der Wende kommt hier kaum noch einer her, \u201edie fahren jetzt alle nach Mallorca\u201c. Die Vermieter w\u00fcrden zwar immer noch versuchen, Ferienwohnungen zu vermieten, aber es sei sehr schwierig geworden. Sie empfiehlt uns, die Eisdiele zu besuchen, die sei wirklich sehr gut. In G\u00fcntersberge liegt der kleine See am Ortsrand leer, der Bootsverleih wird kaum mal ein Boot los. Wir finden einen kleinen Picknickplatz auf der anderen Seeseite und genie\u00dfen die Ruhe und die Sonne. Dann zur Eisdiele \u2013 diese allerdings ist gut besucht, die meisten Besucher jedoch kommen mit dem Auto vorgefahren.<\/p>\n<p>Nach der Pause sind wir wieder allein, Wege f\u00fchren uns durch den Wald, wo wir dann doch einmal wieder einen Wanderer treffen, der es sich allerdings sofort mit dem Hund verscherzt \u2013 seltsamerweise sind es in der Regel M\u00e4nner, die meinen, unbedingt sofort Freundschaft mit dem Hund schlie\u00dfen zu m\u00fcssen und ihn auch sogleich anfassen wollen. Unverst\u00e4ndlich, gerade wenn man sieht, da\u00df ein Tier das absolut nicht haben m\u00f6chte. Letztlich sieht er es ein und geht wieder eigene Wege\u2026<br \/>\nDer R\u00fcckweg liegt im Abendlicht, lange Schatten fallen auf lebendig-gr\u00fcne Wiesen, Licht bricht strahlend durch die aufziehende Wolkendecke. Eine Mutterkuhherde begutachtet uns neugierig, dann sind wir wieder zur\u00fcck in Stiege.<\/p>\n<p>Zum Abendessen geht es nach Hasselfelde in die Gastst\u00e4tte \u201eZur Krone\u201c \u2013 wir sind allein im gro\u00dfen Speiseraum, auch Hasselfelde wirkt wie ausgestorben in dieser Sommerferienzeit. Das Essen ist ausgezeichnet, die Menschen freundlich &#8211; nach dieser rundum sch\u00f6nen Tageswanderung lassen wir es uns schmecken.<br \/>\nMan w\u00fcrde den Menschen, die hier im Ostharz leben und auf Tourismus angewiesen sind, wirklich wieder mehr Besucher und Wanderer w\u00fcnschen. Die Landschaft zu erleben, lohnt sich auf alle F\u00e4lle!<\/font><br \/>\n<div id=\"attachment_356\" style=\"width: 650px\" class=\"wp-caption aligncenter\"><a href=\"https:\/\/waldesleuchten.de\/wp-content\/uploads\/2011\/08\/Stiege_Hochfl\u00e4che2.jpg\"><img aria-describedby=\"caption-attachment-356\" decoding=\"async\" loading=\"lazy\" src=\"https:\/\/waldesleuchten.de\/wp-content\/uploads\/2011\/08\/Stiege_Hochfl\u00e4che2.jpg\" alt=\"Harzhochfl\u00e4che zwischen G\u00fcntersberge und Stiege\" title=\"Harzhochfl\u00e4che zwischen G\u00fcntersberge und Stiege\" width=\"640\" height=\"480\" class=\"size-full wp-image-356\" srcset=\"https:\/\/waldesleuchten.de\/wp-content\/uploads\/2011\/08\/Stiege_Hochfl\u00e4che2.jpg 640w, https:\/\/waldesleuchten.de\/wp-content\/uploads\/2011\/08\/Stiege_Hochfl\u00e4che2-300x225.jpg 300w\" sizes=\"(max-width: 640px) 100vw, 640px\" \/><\/a><p id=\"caption-attachment-356\" class=\"wp-caption-text\">Harzhochfl\u00e4che zwischen G\u00fcntersberge und Stiege<\/p><\/div><\/p>\n<p><font face=\"Arial,Helvetica,Geneva,Swiss,SunSans-Regular\" size=\"1\"><br \/>\n(1) Eine genaue Wegbeschreibung mit Karte findet man in folgendem, f\u00fcr Tageswanderungen im Harz sehr empfehlenswerten Buch:<br \/>\nAchim Schn\u00fctgen: Wandern im Harz, dumont aktiv, DuMont Reiseverlag, Ostfildern, 4. Auflage 2007, ISBN-10: 3770150864 ; ISBN-13: 978-3770150861 <\/font><\/p>\n","protected":false},"excerpt":{"rendered":"<p>W\u00e4hrend der Hochharz an Wochenenden bei sch\u00f6nem Wetter \u00fcberaus \u00fcberlaufen ist, ist die Hochfl\u00e4che im Ostharz gleichzeitig das genaue Gegenteil: man trifft dort kaum einen Menschen, ist mit sich und der Natur weitgehend allein. Eine besonders sch\u00f6ne und entspannende Tageswanderung &hellip; <a href=\"https:\/\/waldesleuchten.de\/?p=351\">Weiterlesen <span class=\"meta-nav\">&rarr;<\/span><\/a><\/p>\n","protected":false},"author":1,"featured_media":352,"comment_status":"closed","ping_status":"closed","sticky":false,"template":"","format":"standard","meta":{"footnotes":""},"categories":[118,1],"tags":[133,138,134,66,136,135,137,131,132],"_links":{"self":[{"href":"https:\/\/waldesleuchten.de\/index.php?rest_route=\/wp\/v2\/posts\/351"}],"collection":[{"href":"https:\/\/waldesleuchten.de\/index.php?rest_route=\/wp\/v2\/posts"}],"about":[{"href":"https:\/\/waldesleuchten.de\/index.php?rest_route=\/wp\/v2\/types\/post"}],"author":[{"embeddable":true,"href":"https:\/\/waldesleuchten.de\/index.php?rest_route=\/wp\/v2\/users\/1"}],"replies":[{"embeddable":true,"href":"https:\/\/waldesleuchten.de\/index.php?rest_route=%2Fwp%2Fv2%2Fcomments&post=351"}],"version-history":[{"count":14,"href":"https:\/\/waldesleuchten.de\/index.php?rest_route=\/wp\/v2\/posts\/351\/revisions"}],"predecessor-version":[{"id":4533,"href":"https:\/\/waldesleuchten.de\/index.php?rest_route=\/wp\/v2\/posts\/351\/revisions\/4533"}],"wp:featuredmedia":[{"embeddable":true,"href":"https:\/\/waldesleuchten.de\/index.php?rest_route=\/wp\/v2\/media\/352"}],"wp:attachment":[{"href":"https:\/\/waldesleuchten.de\/index.php?rest_route=%2Fwp%2Fv2%2Fmedia&parent=351"}],"wp:term":[{"taxonomy":"category","embeddable":true,"href":"https:\/\/waldesleuchten.de\/index.php?rest_route=%2Fwp%2Fv2%2Fcategories&post=351"},{"taxonomy":"post_tag","embeddable":true,"href":"https:\/\/waldesleuchten.de\/index.php?rest_route=%2Fwp%2Fv2%2Ftags&post=351"}],"curies":[{"name":"wp","href":"https:\/\/api.w.org\/{rel}","templated":true}]}}